{"id":19689,"date":"2025-08-27T07:07:57","date_gmt":"2025-08-27T05:07:57","guid":{"rendered":"https:\/\/www.souteze.cz\/magazin\/?p=19689"},"modified":"2025-08-27T07:07:59","modified_gmt":"2025-08-27T05:07:59","slug":"proc-se-prestehovat-z-prahy-a-hledat-pronajem-bytu-v-koline","status":"publish","type":"post","link":"https:\/\/www.souteze.cz\/magazin\/proc-se-prestehovat-z-prahy-a-hledat-pronajem-bytu-v-koline\/","title":{"rendered":"Pro\u010d se p\u0159est\u011bhovat z Prahy a hledat pron\u00e1jem bytu v Kol\u00edn\u011b?"},"content":{"rendered":"\n<p>Tr\u00e1p\u00ed v\u00e1s \u00fanava z pra\u017esk\u00e9ho shonu, vysok\u00e9 ceny bydlen\u00ed a za\u010d\u00edn\u00e1te tou\u017eit po n\u011b\u010dem klidn\u011bj\u0161\u00edm?<\/p>\n\n\n\n<p>I kdy\u017e se do Prahy st\u011bhuje st\u00e1le v\u00edce lid\u00ed, tis\u00edce Pra\u017ean\u016f hlavn\u00ed m\u011bsto tak\u00e9 opou\u0161t\u011bj\u00ed a hledaj\u00ed alternativy v jeho okol\u00ed. Kol\u00edn je pro takov\u00e9 jednou z nejatraktivn\u011bj\u0161\u00edch voleb. Historick\u00e9 m\u011bsto s v\u00fdborn\u00fdm dopravn\u00edm spojen\u00edm, koup\u011b nebo&nbsp;<a href=\"https:\/\/www.eurobydleni.cz\/byty\/kolin\/pronajem\/\">pron\u00e1jem bytu v Kol\u00edn\u011b<\/a>&nbsp;je o des\u00edtek procent levn\u011bj\u0161\u00ed ne\u017e v metropoli a p\u0159itom si zachov\u00e1te v\u00fdhody \u017eivota v jej\u00ed relativn\u00ed bl\u00edzkosti.<\/p>\n\n\n\n<h2>Kol\u00edn l\u00e1k\u00e1 \u00fasporou za bydlen\u00ed<\/h2>\n\n\n\n<p>Nejv\u011bt\u0161\u00ed motivac\u00ed pro p\u0159est\u011bhov\u00e1n\u00ed jsou finan\u010dn\u00ed \u00faspory. Zat\u00edmco pr\u016fm\u011brn\u00e1 cena bytu v Praze dosahuje p\u0159es 130 tis\u00edc korun za metr \u010dtvere\u010dn\u00ed a u \u0159ady byt\u016f tato \u010d\u00e1stka p\u0159esahuje i 200 tis\u00edc korun, v Kol\u00edn\u011b zaplat\u00edte za stejn\u00fd byt v\u00fdrazn\u011b m\u00e9n\u011b. Nap\u0159\u00edklad: 3+1 v Praze stoj\u00ed 8-20 milion\u016f korun, v Kol\u00edn\u011b stejnou dispozici po\u0159\u00edd\u00edte za 5-8 milion\u016f.<\/p>\n\n\n\n<p>\u00daspory se net\u00fdkaj\u00ed jen koup\u011b, ale i pron\u00e1jmu. Zat\u00edmco za t\u0159\u00edpokojov\u00fd byt v Praze zaplat\u00edte 25-35 tis\u00edc m\u011bs\u00ed\u010dn\u011b, v Kol\u00edn\u011b v\u00e1s stejn\u00fd byt vyjde na 15-20 tis\u00edc korun. Ro\u010dn\u011b tak u\u0161et\u0159\u00edte p\u0159es sto tis\u00edc korun pouze na n\u00e1jemn\u00e9m.<\/p>\n\n\n\n<p>Tyto pen\u00edze vyu\u017eijete smyslupln\u011bji &#8211; na dovolenou, vzd\u011bl\u00e1n\u00ed d\u011bt\u00ed, kvalitn\u00ed stravu nebo si prost\u011b vytvo\u0159\u00edte finan\u010dn\u00ed rezervu. Kvalita \u017eivota se v\u00e1m tak potenci\u00e1ln\u011b v\u00fdrazn\u011b zlep\u0161\u00ed.<\/p>\n\n\n\n<h2>Perfektn\u00ed dopravn\u00ed dostupnost<\/h2>\n\n\n\n<p>Nejv\u011bt\u0161\u00ed obavou p\u0159i st\u011bhov\u00e1n\u00ed z Prahy b\u00fdv\u00e1 ztr\u00e1ta dostupnosti. V p\u0159\u00edpad\u011b Kol\u00edna je tato obava neopodstatn\u011bn\u00e1. M\u011bsto le\u017e\u00ed pouh\u00fdch 56 kilometr\u016f od hlavn\u00edho m\u011bsta a \u017eelezni\u010dn\u00ed spojen\u00ed Praha-Kol\u00edn pat\u0159\u00ed mezi nejlep\u0161\u00ed v republice.<\/p>\n\n\n\n<p>Vlak jede pouh\u00fdch 30-37 minut a denn\u011b vypravuje des\u00edtky p\u0159\u00edm\u00fdch spoj\u016f. J\u00edzdenku po\u0159\u00edd\u00edte cca od 50 korun. Prvn\u00ed vlaky vyr\u00e1\u017e\u00ed ji\u017e p\u0159ed \u010dtvrtou r\u00e1no, posledn\u00ed p\u0159ed p\u016flnoc\u00ed.<\/p>\n\n\n\n<p>Autem se do Prahy dostanete za 40 minut mimo dopravn\u00ed \u0161pi\u010dky. Kol\u00edn nav\u00edc le\u017e\u00ed na d\u016fle\u017eit\u00e9 mezin\u00e1rodn\u00ed \u017eelezni\u010dn\u00ed trase, tak\u017ee m\u00e1te p\u0159\u00edm\u00e9 spojen\u00ed nejen do Prahy, ale i do dal\u0161\u00edch evropsk\u00fdch m\u011bst.<\/p>\n\n\n\n<h2>Kvalita \u017eivota bez stresu<\/h2>\n\n\n\n<p>Kol\u00edn nab\u00edz\u00ed klidn\u011bj\u0161\u00ed tempo \u017eivota bez ztr\u00e1ty m\u011bstsk\u00fdch v\u00fdhod. Historick\u00e9 centrum Kol\u00edna s gotick\u00fdm kostelem sv. Bartolom\u011bje a renesan\u010dn\u00edmi domy vytv\u00e1\u0159\u00ed p\u0159\u00edjemnou atmosf\u00e9ru pro proch\u00e1zky. Labe prot\u00e9kaj\u00edc\u00ed m\u011bstem poskytuje je\u0161t\u011b dal\u0161\u00ed mo\u017enosti rekreace a vodn\u00edch sport\u016f.<\/p>\n\n\n\n<p>Dopravn\u00ed situace je nesrovnateln\u011b lep\u0161\u00ed ne\u017e v Praze. Zapome\u0148te na hodinov\u00e9 st\u00e1n\u00ed v kolon\u00e1ch nebo hled\u00e1n\u00ed parkovac\u00edho m\u00edsta. V Kol\u00edn\u011b se autem dostanete kamkoli za p\u00e1r minut a parkov\u00e1n\u00ed nen\u00ed probl\u00e9m.<\/p>\n\n\n\n<p>Vzduch je \u010dist\u0161\u00ed, hluk minim\u00e1ln\u00ed a stres z velkom\u011bstsk\u00e9ho \u017eivota postupn\u011b miz\u00ed. Mnoho p\u0159est\u011bhovan\u00fdch Pra\u017ean\u016f uv\u00e1d\u00ed, \u017ee si teprve v men\u0161\u00edm m\u011bst\u011b uv\u011bdomili, jak moc je m\u011bstsk\u00fd stres ovliv\u0148oval.<\/p>\n\n\n\n<h2>Rodinn\u00e9 prost\u0159ed\u00ed a komunita<\/h2>\n\n\n\n<p>Kol\u00edn nab\u00edz\u00ed ide\u00e1ln\u00ed prost\u0159ed\u00ed pro v\u00fdchovu d\u011bt\u00ed. M\u00edstn\u00ed \u0161koly maj\u00ed men\u0161\u00ed t\u0159\u00eddy, u\u010ditel\u00e9 v\u011bnuj\u00ed \u017e\u00e1k\u016fm v\u00edce pozornosti a celkov\u00e1 atmosf\u00e9ra je klidn\u011bj\u0161\u00ed ne\u017e v p\u0159epln\u011bn\u00fdch pra\u017esk\u00fdch \u0161kol\u00e1ch.<\/p>\n\n\n\n<p>Sportovn\u00ed a kulturn\u00ed vy\u017eit\u00ed je bohat\u00e9 &#8211; zimn\u00ed stadion, tenisov\u00e9 kurty, koupali\u0161t\u011b, \u0159ada spolk\u016f a krou\u017ek\u016f. D\u011bti mohou jezdit na kole do \u0161koly nebo si hr\u00e1t venku bez obav o bezpe\u010dnost.<\/p>\n\n\n\n<p>Komunita je soudr\u017en\u011bj\u0161\u00ed ne\u017e v anonymn\u00ed Praze. Lid\u00e9 se znaj\u00ed, pom\u00e1haj\u00ed si navz\u00e1jem a soust\u0159e\u010fuj\u00ed se v \u0159ad\u011b spolk\u016f. Pro rodiny s d\u011btmi je to neoceniteln\u00e1 zm\u011bna oproti \u017eivotu v m\u00edst\u011b, kde ob\u010das nezn\u00e1te ani sv\u00e9ho souseda. A pokud u\u017e rodina vlastn\u00ed&nbsp;<a href=\"https:\/\/vsc-plavani.cz\/prodej-chalupy-ve-stredoceskem-kraji-jak-pripravit-chatu-na-zimu-pokud-jste-pres-rok-neprodali\/\">chalupu \u010di chatu, vyplat\u00ed se v\u011bd\u011bt, jak ji p\u0159ipravit na zimu<\/a>, kdy\u017e ji p\u0159es rok neprod\u00e1te \u2013 i to je sou\u010d\u00e1st klidn\u011bj\u0161\u00edho a zodpov\u011bdn\u00e9ho \u017eivota mimo Prahu.<\/p>\n\n\n\n<h2>Pracovn\u00ed p\u0159\u00edle\u017eitosti a podnik\u00e1n\u00ed<\/h2>\n\n\n\n<p>Kol\u00edn nen\u00ed jen nocleh\u00e1rnou pro pendlery. M\u011bsto m\u00e1 bohatou pr\u016fmyslovou tradici a zdej\u0161\u00ed firmy nab\u00edz\u00ed \u0161irokou \u0161k\u00e1lu kvalifikovan\u00fdch i nekvalifikovan\u00fdch m\u00edst. Automobilka Toyota, kol\u00ednsk\u00e1 Draslovka a \u0159ada men\u0161\u00edch firem poskytuje zam\u011bstn\u00e1n\u00ed tis\u00edc\u016fm lid\u00ed.<\/p>\n\n\n\n<p>Pro podnikatele nab\u00edz\u00ed Kol\u00edn levn\u011bj\u0161\u00ed prostory, dostupn\u011bj\u0161\u00ed zam\u011bstnance a m\u00e9n\u011b konkurence ne\u017e Praha. Zalo\u017een\u00ed firmy nebo roz\u0161\u00ed\u0159en\u00ed podnik\u00e1n\u00ed vyjde v\u00fdrazn\u011b levn\u011bji a z\u00e1rove\u0148 m\u00e1te bl\u00edzko k pra\u017esk\u00e9mu trhu.<\/p>\n\n\n\n<p>Tak\u00e9 pro home office nebo \u010d\u00e1ste\u010dnou pr\u00e1ci na d\u00e1lku je Kol\u00edn perfektn\u00ed volba. M\u00e1te klid na soust\u0159ed\u011bnou pr\u00e1ci, ni\u017e\u0161\u00ed n\u00e1klady na provoz a v p\u0159\u00edpad\u011b pot\u0159eby jste v Praze za p\u016fl hodiny.<\/p>\n\n\n\n<h2>Kulturn\u00ed a spole\u010densk\u00fd \u017eivot<\/h2>\n\n\n\n<ul><li>Kol\u00edn p\u0159ekvap\u00ed bohat\u00fdm kulturn\u00edm \u017eivotem. Muzeum m\u00e1 cenn\u00e9 sb\u00edrky, pravideln\u011b se konaj\u00ed koncerty a divadeln\u00ed p\u0159edstaven\u00ed. Festival Kmoch\u016fv Kol\u00edn l\u00e1k\u00e1 n\u00e1v\u0161t\u011bvn\u00edky z cel\u00e9 republiky.<\/li><li>Restaurace a kav\u00e1rny nab\u00edzej\u00ed kvalitn\u00ed slu\u017eby za rozumn\u00e9 ceny. Zat\u00edmco v Praze zaplat\u00edte za ob\u011bd 300 a v\u00edce korun, v Kol\u00edn\u011b se naj\u00edte kvalitn\u011b za 150-200 korun.<\/li><li>P\u0159\u00edroda v okol\u00ed m\u011bsta nab\u00edz\u00ed nekone\u010dn\u00e9 mo\u017enosti odpo\u010dinku. Nen\u00e1ro\u010dn\u00e9 cyklostezky v rovin\u00e1ch pod\u00e9l Labe, lesy ide\u00e1ln\u00ed pro houba\u0159en\u00ed nebo turistiku, rybn\u00edky pro letn\u00ed osv\u011b\u017een\u00ed. V\u00edkendov\u00e9 v\u00fdlety nemus\u00edte pl\u00e1novat t\u00fddny dop\u0159edu ani cestovat des\u00edtky kilometr\u016f.<\/li><\/ul>\n\n\n\n<figure class=\"wp-block-image size-large\"><img loading=\"lazy\" width=\"1024\" height=\"683\" src=\"https:\/\/www.souteze.cz\/magazin\/wp-content\/uploads\/2025\/08\/pexels-gustavo-fring-4173139-1024x683.jpg\" alt=\"pexels gustavo fring 4173139\" class=\"wp-image-19693\" srcset=\"https:\/\/www.souteze.cz\/magazin\/wp-content\/uploads\/2025\/08\/pexels-gustavo-fring-4173139-1024x683.jpg 1024w, https:\/\/www.souteze.cz\/magazin\/wp-content\/uploads\/2025\/08\/pexels-gustavo-fring-4173139-300x200.jpg 300w, https:\/\/www.souteze.cz\/magazin\/wp-content\/uploads\/2025\/08\/pexels-gustavo-fring-4173139-768x512.jpg 768w, https:\/\/www.souteze.cz\/magazin\/wp-content\/uploads\/2025\/08\/pexels-gustavo-fring-4173139-1536x1024.jpg 1536w, https:\/\/www.souteze.cz\/magazin\/wp-content\/uploads\/2025\/08\/pexels-gustavo-fring-4173139-2048x1365.jpg 2048w\" sizes=\"(max-width: 1024px) 100vw, 1024px\" \/><\/figure>\n\n\n\n<h2>\u017d\u00e1dn\u00e9ho \u201czapad\u00e1kova\u201d se nebojte<\/h2>\n\n\n\n<p>Nej\u010dast\u011bj\u0161\u00ed obavou p\u0159i takov\u00e9m st\u011bhov\u00e1n\u00ed b\u00fdv\u00e1 pro \u0159adu lid\u00ed &#8222;provin\u010dnost&#8220; men\u0161\u00edho m\u011bsta. Realita je jin\u00e1 &#8211; Kol\u00edn m\u00e1 v\u0161echny pot\u0159ebn\u00e9 slu\u017eby, kvalitn\u00ed \u0161koly, zdravotnictv\u00ed i kulturn\u00ed vy\u017eit\u00ed. Co mu chyb\u00ed v po\u010dtu mo\u017enost\u00ed, vynahrazuje klidem a osobn\u011bj\u0161\u00edm p\u0159\u00edstupem.<\/p>\n\n\n\n<p>Dal\u0161\u00ed obavou je ztr\u00e1ta spole\u010densk\u00fdch kontakt\u016f. Pravdou je, \u017ee se mo\u017en\u00e1 vzd\u00e1l\u00edte n\u011bkter\u00fdm pra\u017esk\u00fdm p\u0159\u00e1tel\u016fm, ale z\u00edsk\u00e1te nov\u00e9. M\u00edstn\u00ed komunita je otev\u0159en\u011bj\u0161\u00ed a navazov\u00e1n\u00ed vztah\u016f je snaz\u0161\u00ed ne\u017e v anonymn\u00ed Praze.<\/p>\n\n\n\n<p>Strach z nudn\u00e9ho \u017eivota tu nen\u00ed na m\u00edst\u011b. Klidn\u011bj\u0161\u00ed tempo neznamen\u00e1 nuda, ale mo\u017enost v\u011bnovat se tomu, co v\u00e1s skute\u010dn\u011b bav\u00ed, m\u00edsto tr\u00e1ven\u00ed \u010dasu v dopravn\u00edch z\u00e1cp\u00e1ch.<\/p>\n\n\n\n<p>Nejlep\u0161\u00ed je j\u00edt na to postupn\u011b postupn\u011b. Nejd\u0159\u00edve si Kol\u00edn d\u016fkladn\u011b prohl\u00e9dn\u011bte, projd\u011bte r\u016fzn\u00e9 \u010dtvrti a z\u00edskejte p\u0159edstavu o \u017eivot\u011b ve m\u011bst\u011b. Zkuste si doj\u00ed\u017ed\u011bn\u00ed vlakem v r\u016fzn\u00fdch denn\u00edch dob\u00e1ch. Informujte se o m\u00edstn\u00edch \u0161kol\u00e1ch, slu\u017eb\u00e1ch a mo\u017enostech tr\u00e1ven\u00ed voln\u00e9ho \u010dasu. Nav\u0161tivte m\u00edstn\u00ed \u00fa\u0159ady a zjist\u011bte si praktick\u00e9 informace o registraci, komun\u00e1ln\u00edch poplatc\u00edch a m\u00edstn\u00edch p\u0159edpisech.<\/p>\n\n\n\n<h2>Nov\u00fd za\u010d\u00e1tek s lep\u0161\u00ed budoucnost\u00ed<\/h2>\n\n\n\n<p>P\u0159est\u011bhov\u00e1n\u00ed z Prahy do Kol\u00edna berte jako p\u0159\u00edle\u017eitost ke zlep\u0161en\u00ed kvality \u017eivota. U\u0161et\u0159en\u00e9 pen\u00edze, m\u00e9n\u011b stresu, kvalitn\u00ed rodinn\u00e9 prost\u0159ed\u00ed a p\u0159itom st\u00e1le skv\u011bl\u00e1 dostupnost hlavn\u00edho m\u011bsta tvo\u0159\u00ed ide\u00e1ln\u00ed kombinaci.<\/p>\n\n\n\n<p>Nejste prvn\u00ed ani posledn\u00ed, kdo tento krok zva\u017euje. Tis\u00edce rodin u\u017e objevily v\u00fdhody \u017eivota v men\u0161\u00edm m\u011bst\u011b bl\u00edzko Prahy. Kol\u00edn nab\u00edz\u00ed v\u0161e pot\u0159ebn\u00e9 pro takov\u00fd \u017eivot bez kompromis\u016f.<\/p>\n<!--CusAds0-->\n<div style=\"font-size: 0px; height: 0px; line-height: 0px; margin: 0; padding: 0; clear: both;\"><\/div>","protected":false},"excerpt":{"rendered":"<p>Tr\u00e1p\u00ed v\u00e1s \u00fanava z pra\u017esk\u00e9ho shonu, vysok\u00e9 ceny bydlen\u00ed a za\u010d\u00edn\u00e1te tou\u017eit po n\u011b\u010dem klidn\u011bj\u0161\u00edm? I kdy\u017e se do Prahy st\u011bhuje st\u00e1le v\u00edce lid\u00ed, tis\u00edce<\/p>\n","protected":false},"author":10,"featured_media":19691,"comment_status":"open","ping_status":"open","sticky":false,"template":"","format":"standard","meta":[],"categories":[1179],"tags":[1316,1315,1314],"acf":[],"_links":{"self":[{"href":"https:\/\/www.souteze.cz\/magazin\/wp-json\/wp\/v2\/posts\/19689"}],"collection":[{"href":"https:\/\/www.souteze.cz\/magazin\/wp-json\/wp\/v2\/posts"}],"about":[{"href":"https:\/\/www.souteze.cz\/magazin\/wp-json\/wp\/v2\/types\/post"}],"author":[{"embeddable":true,"href":"https:\/\/www.souteze.cz\/magazin\/wp-json\/wp\/v2\/users\/10"}],"replies":[{"embeddable":true,"href":"https:\/\/www.souteze.cz\/magazin\/wp-json\/wp\/v2\/comments?post=19689"}],"version-history":[{"count":2,"href":"https:\/\/www.souteze.cz\/magazin\/wp-json\/wp\/v2\/posts\/19689\/revisions"}],"predecessor-version":[{"id":19694,"href":"https:\/\/www.souteze.cz\/magazin\/wp-json\/wp\/v2\/posts\/19689\/revisions\/19694"}],"wp:featuredmedia":[{"embeddable":true,"href":"https:\/\/www.souteze.cz\/magazin\/wp-json\/wp\/v2\/media\/19691"}],"wp:attachment":[{"href":"https:\/\/www.souteze.cz\/magazin\/wp-json\/wp\/v2\/media?parent=19689"}],"wp:term":[{"taxonomy":"category","embeddable":true,"href":"https:\/\/www.souteze.cz\/magazin\/wp-json\/wp\/v2\/categories?post=19689"},{"taxonomy":"post_tag","embeddable":true,"href":"https:\/\/www.souteze.cz\/magazin\/wp-json\/wp\/v2\/tags?post=19689"}],"curies":[{"name":"wp","href":"https:\/\/api.w.org\/{rel}","templated":true}]}}